{"id":609,"date":"2018-01-24T11:41:04","date_gmt":"2018-01-24T11:41:04","guid":{"rendered":"http:\/\/shs-alfeld.de\/?p=609"},"modified":"2018-01-24T11:41:04","modified_gmt":"2018-01-24T11:41:04","slug":"schulrat-habermalz-schule-laedt-die-grundschueler-ein","status":"publish","type":"post","link":"http:\/\/shs-alfeld.de\/?p=609","title":{"rendered":"Schulrat-Habermalz-Schule l\u00e4dt die Grundsch\u00fcler ein"},"content":{"rendered":"<p>Die Schulrat-Habermalz-Schule in Alfeld bietet Kindern aus den Grund- und F\u00f6rderschulen und ihren Eltern die M\u00f6glichkeit, die Schule als weiterf\u00fchrende Schule besser kennenzulernen.<\/p>\n<p><strong>Am Mittwoch, den 14. Februar 2018 und am Donnerstag, den 15. Februar 2018\u00a0 findet in der 3. und 4. Stunde (9.30 Uhr bis 11.15 Uhr) jeweils eine \u201eSchnupperphase\u201c statt. <\/strong><\/p>\n<p><strong>\u00a0<\/strong>Die Kinder und ihre Eltern lernen Klassenlehrer\/innen der k\u00fcnftigen 5. Klassen kennen und erhalten eine F\u00fchrung durch das Schulgeb\u00e4ude. Im Anschluss k\u00f6nnen die Kinder in einer handlungsorientierten Unterrichtsstunde einen ersten Einblick in die Arbeit bekommen, w\u00e4hrend die Schulleiter Sabine Hartmann und Christian Kling den Eltern zur Verf\u00fcgung stehen, um s\u00e4mtliche Fragen zu kl\u00e4ren.<\/p>\n<p>Individuelle Terminvereinbarung ist nat\u00fcrlich ebenfalls m\u00f6glich.<\/p>\n","protected":false},"excerpt":{"rendered":"<p>Die Schulrat-Habermalz-Schule in Alfeld bietet Kindern aus den Grund- und F\u00f6rderschulen und ihren Eltern die M\u00f6glichkeit, die Schule als weiterf\u00fchrende Schule besser kennenzulernen. Am Mittwoch, den 14. Februar 2018 und am Donnerstag, den 15. Februar 2018\u00a0 findet in der 3. und 4. Stunde (9.30 Uhr bis 11.15 Uhr) jeweils eine \u201eSchnupperphase\u201c statt. \u00a0Die Kinder und &#8230; <a title=\"Schulrat-Habermalz-Schule l\u00e4dt die Grundsch\u00fcler ein\" class=\"read-more\" href=\"http:\/\/shs-alfeld.de\/?p=609\" aria-label=\"Mehr dazu unter Schulrat-Habermalz-Schule l\u00e4dt die Grundsch\u00fcler ein\">Weiterlesen<\/a><\/p>\n","protected":false},"author":1,"featured_media":0,"comment_status":"closed","ping_status":"closed","sticky":false,"template":"","format":"standard","meta":[],"categories":[2,3],"tags":[23],"_links":{"self":[{"href":"http:\/\/shs-alfeld.de\/index.php?rest_route=\/wp\/v2\/posts\/609"}],"collection":[{"href":"http:\/\/shs-alfeld.de\/index.php?rest_route=\/wp\/v2\/posts"}],"about":[{"href":"http:\/\/shs-alfeld.de\/index.php?rest_route=\/wp\/v2\/types\/post"}],"author":[{"embeddable":true,"href":"http:\/\/shs-alfeld.de\/index.php?rest_route=\/wp\/v2\/users\/1"}],"replies":[{"embeddable":true,"href":"http:\/\/shs-alfeld.de\/index.php?rest_route=%2Fwp%2Fv2%2Fcomments&post=609"}],"version-history":[{"count":1,"href":"http:\/\/shs-alfeld.de\/index.php?rest_route=\/wp\/v2\/posts\/609\/revisions"}],"predecessor-version":[{"id":610,"href":"http:\/\/shs-alfeld.de\/index.php?rest_route=\/wp\/v2\/posts\/609\/revisions\/610"}],"wp:attachment":[{"href":"http:\/\/shs-alfeld.de\/index.php?rest_route=%2Fwp%2Fv2%2Fmedia&parent=609"}],"wp:term":[{"taxonomy":"category","embeddable":true,"href":"http:\/\/shs-alfeld.de\/index.php?rest_route=%2Fwp%2Fv2%2Fcategories&post=609"},{"taxonomy":"post_tag","embeddable":true,"href":"http:\/\/shs-alfeld.de\/index.php?rest_route=%2Fwp%2Fv2%2Ftags&post=609"}],"curies":[{"name":"wp","href":"https:\/\/api.w.org\/{rel}","templated":true}]}}