{"id":559,"date":"2018-01-10T08:24:18","date_gmt":"2018-01-10T08:24:18","guid":{"rendered":"http:\/\/shs-alfeld.de\/?p=559"},"modified":"2018-01-10T08:24:18","modified_gmt":"2018-01-10T08:24:18","slug":"weihnachtsfruehstueck","status":"publish","type":"post","link":"http:\/\/shs-alfeld.de\/?p=559","title":{"rendered":"Weihnachtsfr\u00fchst\u00fcck"},"content":{"rendered":"<p>Den letzten Schultag vor den Weihnachtsferien wollten wir besonders und gemeinsam gestalten. W\u00e4hrend die j\u00fcngeren Klassen noch einmal ihre Texte f\u00fcr den Auftritt durchgingen, trugen die \u00e4lteren die Tische ins Forum hinunter und stellten St\u00fchle auf. Zusammen wurden lange Tafeln aufgebaut, an der<a href=\"http:\/\/shs-alfeld.de\/wp-content\/uploads\/2018\/01\/01_20171221_094000.jpg\"><img decoding=\"async\" loading=\"lazy\" class=\"alignright size-medium wp-image-560\" src=\"http:\/\/shs-alfeld.de\/wp-content\/uploads\/2018\/01\/01_20171221_094000-300x169.jpg\" alt=\"\" width=\"300\" height=\"169\" srcset=\"http:\/\/shs-alfeld.de\/wp-content\/uploads\/2018\/01\/01_20171221_094000-300x169.jpg 300w, http:\/\/shs-alfeld.de\/wp-content\/uploads\/2018\/01\/01_20171221_094000-768x432.jpg 768w, http:\/\/shs-alfeld.de\/wp-content\/uploads\/2018\/01\/01_20171221_094000-1024x576.jpg 1024w\" sizes=\"(max-width: 300px) 100vw, 300px\" \/><\/a> alle Sch\u00fclerinnen und Sch\u00fcler mit ihren Lehrkr\u00e4ften und den anderen Mitarbeitern Platz fanden.<\/p>\n<p>Obwohl nicht alle Sch\u00fclerinnen und Sch\u00fcler der SHS Weihnachten feiern, verbindet doch alle die Tradition, dass man bei Feierlichkeiten gem\u00fctlich zusammen sitzt, miteinander isst und sich unterh\u00e4lt. So wurde auch dieses Fr\u00fchst\u00fcck zu einer gem\u00fctlichen Gemeinschaftsaktion, bei der viele Br\u00f6tchen verspeist wurden, aber auch selbst gebackener Kuchen und Kekse sowie Spezialit\u00e4ten aus anderen L\u00e4ndern.<\/p>\n<p>Gelungen waren auch die Auftritte der verschiedenen Klassen, es wurde gesungen, gespielt und viel gelacht. <a href=\"http:\/\/shs-alfeld.de\/wp-content\/uploads\/2018\/01\/05_20171221_085901.jpg\"><img decoding=\"async\" loading=\"lazy\" class=\"size-medium wp-image-561 alignleft\" src=\"http:\/\/shs-alfeld.de\/wp-content\/uploads\/2018\/01\/05_20171221_085901-300x169.jpg\" alt=\"\" width=\"300\" height=\"169\" srcset=\"http:\/\/shs-alfeld.de\/wp-content\/uploads\/2018\/01\/05_20171221_085901-300x169.jpg 300w, http:\/\/shs-alfeld.de\/wp-content\/uploads\/2018\/01\/05_20171221_085901-768x432.jpg 768w, http:\/\/shs-alfeld.de\/wp-content\/uploads\/2018\/01\/05_20171221_085901-1024x576.jpg 1024w\" sizes=\"(max-width: 300px) 100vw, 300px\" \/><\/a><\/p>\n","protected":false},"excerpt":{"rendered":"<p>Den letzten Schultag vor den Weihnachtsferien wollten wir besonders und gemeinsam gestalten. W\u00e4hrend die j\u00fcngeren Klassen noch einmal ihre Texte f\u00fcr den Auftritt durchgingen, trugen die \u00e4lteren die Tische ins Forum hinunter und stellten St\u00fchle auf. Zusammen wurden lange Tafeln aufgebaut, an der alle Sch\u00fclerinnen und Sch\u00fcler mit ihren Lehrkr\u00e4ften und den anderen Mitarbeitern Platz &#8230; <a title=\"Weihnachtsfr\u00fchst\u00fcck\" class=\"read-more\" href=\"http:\/\/shs-alfeld.de\/?p=559\" aria-label=\"Mehr dazu unter Weihnachtsfr\u00fchst\u00fcck\">Weiterlesen<\/a><\/p>\n","protected":false},"author":1,"featured_media":0,"comment_status":"closed","ping_status":"closed","sticky":false,"template":"","format":"standard","meta":[],"categories":[2],"tags":[],"_links":{"self":[{"href":"http:\/\/shs-alfeld.de\/index.php?rest_route=\/wp\/v2\/posts\/559"}],"collection":[{"href":"http:\/\/shs-alfeld.de\/index.php?rest_route=\/wp\/v2\/posts"}],"about":[{"href":"http:\/\/shs-alfeld.de\/index.php?rest_route=\/wp\/v2\/types\/post"}],"author":[{"embeddable":true,"href":"http:\/\/shs-alfeld.de\/index.php?rest_route=\/wp\/v2\/users\/1"}],"replies":[{"embeddable":true,"href":"http:\/\/shs-alfeld.de\/index.php?rest_route=%2Fwp%2Fv2%2Fcomments&post=559"}],"version-history":[{"count":1,"href":"http:\/\/shs-alfeld.de\/index.php?rest_route=\/wp\/v2\/posts\/559\/revisions"}],"predecessor-version":[{"id":562,"href":"http:\/\/shs-alfeld.de\/index.php?rest_route=\/wp\/v2\/posts\/559\/revisions\/562"}],"wp:attachment":[{"href":"http:\/\/shs-alfeld.de\/index.php?rest_route=%2Fwp%2Fv2%2Fmedia&parent=559"}],"wp:term":[{"taxonomy":"category","embeddable":true,"href":"http:\/\/shs-alfeld.de\/index.php?rest_route=%2Fwp%2Fv2%2Fcategories&post=559"},{"taxonomy":"post_tag","embeddable":true,"href":"http:\/\/shs-alfeld.de\/index.php?rest_route=%2Fwp%2Fv2%2Ftags&post=559"}],"curies":[{"name":"wp","href":"https:\/\/api.w.org\/{rel}","templated":true}]}}