{"id":145,"date":"2016-06-03T11:02:17","date_gmt":"2016-06-03T11:02:17","guid":{"rendered":"http:\/\/shs-alfeld.de\/?p=145"},"modified":"2016-06-03T11:02:17","modified_gmt":"2016-06-03T11:02:17","slug":"helle-farben-heben-die-stimmung","status":"publish","type":"post","link":"http:\/\/shs-alfeld.de\/?p=145","title":{"rendered":"Helle Farben heben die Stimmung"},"content":{"rendered":"<p>In einem gemeinsamen Projekt mit Labora Alfeld gestalteten Sch\u00fclerinnen und Sch\u00fcler der 8. Klassen der Schulrat-Habermalz-Schule die S\u00e4ulen im Forum und in ihren Klassenr\u00e4umen neu. Unter Anleitung der beiden Labora-Meister, Herrn Dupr\u00e9e und Herrn Braesch, lernten die Achtkl\u00e4ssler, wie man den Untergrund vorbereiten muss, damit die Farbe sp\u00e4ter gut h\u00e4lt. Au\u00dferdem wurde das sorgf\u00e4ltige Abkleben und der Schutz der B\u00f6den ge\u00fcbt.<\/p>\n<p>Die 8a w\u00e4hlte f\u00fcr ihren Klassenraum einen blauen Grundton, auf dem Spongebob und Patrick zu sehen sind, da sie f\u00fcr die Sch\u00fclerinnen und Sch\u00fcler Freundschaft und Zusammenhalt symbolisieren. Die 8b entschied sich f\u00fcr Unterwasserlandschaften.<\/p>\n<p>Im Forum hingegen suchten die Klassen gemeinsam mit der Kunstlehrerin Frau Diana Fleige-Fellmann einen warmen Gelbton aus. Alle waren nach Fertigstellung der Arbeiten \u00fcberrascht, welch gro\u00dfen Unterschied dieser Farbwechsel bewirkt hat. Die gro\u00dfe Pausenhalle wirkt dadurch viel heller und gem\u00fctlicher.<\/p>\n<p>Unterst\u00fctzt wurden die Gruppen auch von den Labora-Auszubildenden, die auch aufpassten, wenn Habermalz-Sch\u00fcler auf Leitern arbeiteten, und selbst Hand mit anlegten.<\/p>\n<p>Michelle Arnemann sagte hinterher: \u201eDas war voll cool!\u201c \u201eDas war mal was anderes, und es gab keine Langeweile\u201c, erg\u00e4nzte Marcel Seelig.<\/p>\n<p>Frau Yesilyurt, als betreuende Klassenlehrerin der 8b, freute sich \u00fcber die gelungenen Ergebnisse und erkl\u00e4rte: \u201eSolche Projekte f\u00f6rdern die Klassengemeinschaft und erzeugen gleichzeitig einen Mehrwert f\u00fcr die ganze Schule\u201c.<\/p>\n<p>Nach diesem gelungenen Auftakt werden weitere gemeinsame Projekte folgen. Schlie\u00dflich lernen die Sch\u00fclerinnen und Sch\u00fcler dabei gleichzeitig etwas, was sie f\u00fcr ihre ersten eigenen Wohnungen ganz bestimmt gut gebrauchen k\u00f6nnen.<\/p>\n","protected":false},"excerpt":{"rendered":"<p>In einem gemeinsamen Projekt mit Labora Alfeld gestalteten Sch\u00fclerinnen und Sch\u00fcler der 8. Klassen der Schulrat-Habermalz-Schule die S\u00e4ulen im Forum und in ihren Klassenr\u00e4umen neu. Unter Anleitung der beiden Labora-Meister, Herrn Dupr\u00e9e und Herrn Braesch, lernten die Achtkl\u00e4ssler, wie man den Untergrund vorbereiten muss, damit die Farbe sp\u00e4ter gut h\u00e4lt. Au\u00dferdem wurde das sorgf\u00e4ltige Abkleben &#8230; <a title=\"Helle Farben heben die Stimmung\" class=\"read-more\" href=\"http:\/\/shs-alfeld.de\/?p=145\" aria-label=\"Mehr dazu unter Helle Farben heben die Stimmung\">Weiterlesen<\/a><\/p>\n","protected":false},"author":1,"featured_media":0,"comment_status":"closed","ping_status":"closed","sticky":false,"template":"","format":"standard","meta":[],"categories":[8],"tags":[],"_links":{"self":[{"href":"http:\/\/shs-alfeld.de\/index.php?rest_route=\/wp\/v2\/posts\/145"}],"collection":[{"href":"http:\/\/shs-alfeld.de\/index.php?rest_route=\/wp\/v2\/posts"}],"about":[{"href":"http:\/\/shs-alfeld.de\/index.php?rest_route=\/wp\/v2\/types\/post"}],"author":[{"embeddable":true,"href":"http:\/\/shs-alfeld.de\/index.php?rest_route=\/wp\/v2\/users\/1"}],"replies":[{"embeddable":true,"href":"http:\/\/shs-alfeld.de\/index.php?rest_route=%2Fwp%2Fv2%2Fcomments&post=145"}],"version-history":[{"count":1,"href":"http:\/\/shs-alfeld.de\/index.php?rest_route=\/wp\/v2\/posts\/145\/revisions"}],"predecessor-version":[{"id":148,"href":"http:\/\/shs-alfeld.de\/index.php?rest_route=\/wp\/v2\/posts\/145\/revisions\/148"}],"wp:attachment":[{"href":"http:\/\/shs-alfeld.de\/index.php?rest_route=%2Fwp%2Fv2%2Fmedia&parent=145"}],"wp:term":[{"taxonomy":"category","embeddable":true,"href":"http:\/\/shs-alfeld.de\/index.php?rest_route=%2Fwp%2Fv2%2Fcategories&post=145"},{"taxonomy":"post_tag","embeddable":true,"href":"http:\/\/shs-alfeld.de\/index.php?rest_route=%2Fwp%2Fv2%2Ftags&post=145"}],"curies":[{"name":"wp","href":"https:\/\/api.w.org\/{rel}","templated":true}]}}