{"id":141,"date":"2016-06-03T10:48:04","date_gmt":"2016-06-03T10:48:04","guid":{"rendered":"http:\/\/shs-alfeld.de\/?p=141"},"modified":"2016-06-03T10:48:39","modified_gmt":"2016-06-03T10:48:39","slug":"mit-kopftuch-oder-ohne","status":"publish","type":"post","link":"http:\/\/shs-alfeld.de\/?p=141","title":{"rendered":"Mit Kopftuch oder ohne?"},"content":{"rendered":"<p>Diese Frage stellt sich die Hauptfigur in Aygen-Sibel Celiks Jugendroman \u201eSeidenhaar\u201c. So konfrontiert die Autorin, die im Rahmen der Hildesheimer Kinder- und Jugendbuchwoche f\u00fcr die Sch\u00fclerinnen und Sch\u00fcler der Schulrat-Habermalz-Schule in Alfeld gelesen hat, auch die Jugendlichen der Jahrg\u00e4nge 7 und 8 mit dieser Fragestellung, was zu einer angeregten Diskussion f\u00fchrt. Frau Anja Bantje, Fachbereichsleiterin Sprachen der Schule, hat den Musikraum liebevoll vorbereitet und in ein gem\u00fctliches Vorlesezimmer verwandelt. So k\u00f6nnen die Sch\u00fclerinnen und Sch\u00fcler dem lebendigen Vortrag der Autorin aufmerksam folgen.<\/p>\n<p>Mit Fotos aus Istanbul, t\u00fcrkischer Musik und ihrem Roman \u201eYakamoz\u201c, in dem sich eine junge, in Deutschland lebende T\u00fcrkin im Urlaub in einen \u201eechten\u201c T\u00fcrken verliebt. Sie will ihn unbedingt wiedersehen. Ob das wohl gut geht?<\/p>\n<p>F\u00fcr die 5. und 6. Klassen geht es um Erik, der nicht so gut lesen und schreiben kann. Doch als er \u201eGeheimnisvolle Nachrichten\u201c findet, ist sein Interesse geweckt. Er macht sich daran, sie zu entschl\u00fcsseln. Celik fesselt die Zuh\u00f6rerinnen und Zuh\u00f6rer mit den geschickt ausgew\u00e4hlten Szenen, bezieht sie durch ihre Fragen mit ein und l\u00f6st das Verlangen aus, Eriks Geschichte selbst zu lesen und das Geheimnis zu l\u00f6sen. Jason, 5b, sagt begeistert: \u201eDie Autorin kann toll betonen. Ich finde es nur schade, dass sie uns nicht alles vorgelesen hat.\u201c<\/p>\n<p>Die 5a beginnt noch am selben Tag mit der Lekt\u00fcre, w\u00e4hrend die \u00e4lteren Sch\u00fcler bis zum n\u00e4chsten Schultag warten m\u00fcssen.<a href=\"http:\/\/shs-alfeld.de\/wp-content\/uploads\/2016\/06\/Lesung-Celik-2016.jpg\"><img decoding=\"async\" loading=\"lazy\" class=\"alignnone size-medium wp-image-142\" src=\"http:\/\/shs-alfeld.de\/wp-content\/uploads\/2016\/06\/Lesung-Celik-2016-300x225.jpg\" alt=\"Lesung Celik 2016\" width=\"300\" height=\"225\" srcset=\"http:\/\/shs-alfeld.de\/wp-content\/uploads\/2016\/06\/Lesung-Celik-2016-300x225.jpg 300w, http:\/\/shs-alfeld.de\/wp-content\/uploads\/2016\/06\/Lesung-Celik-2016-768x576.jpg 768w, http:\/\/shs-alfeld.de\/wp-content\/uploads\/2016\/06\/Lesung-Celik-2016-1024x768.jpg 1024w\" sizes=\"(max-width: 300px) 100vw, 300px\" \/><\/a><\/p>\n","protected":false},"excerpt":{"rendered":"<p>Diese Frage stellt sich die Hauptfigur in Aygen-Sibel Celiks Jugendroman \u201eSeidenhaar\u201c. So konfrontiert die Autorin, die im Rahmen der Hildesheimer Kinder- und Jugendbuchwoche f\u00fcr die Sch\u00fclerinnen und Sch\u00fcler der Schulrat-Habermalz-Schule in Alfeld gelesen hat, auch die Jugendlichen der Jahrg\u00e4nge 7 und 8 mit dieser Fragestellung, was zu einer angeregten Diskussion f\u00fchrt. Frau Anja Bantje, Fachbereichsleiterin &#8230; <a title=\"Mit Kopftuch oder ohne?\" class=\"read-more\" href=\"http:\/\/shs-alfeld.de\/?p=141\" aria-label=\"Mehr dazu unter Mit Kopftuch oder ohne?\">Weiterlesen<\/a><\/p>\n","protected":false},"author":1,"featured_media":0,"comment_status":"closed","ping_status":"closed","sticky":false,"template":"","format":"standard","meta":[],"categories":[5],"tags":[],"_links":{"self":[{"href":"http:\/\/shs-alfeld.de\/index.php?rest_route=\/wp\/v2\/posts\/141"}],"collection":[{"href":"http:\/\/shs-alfeld.de\/index.php?rest_route=\/wp\/v2\/posts"}],"about":[{"href":"http:\/\/shs-alfeld.de\/index.php?rest_route=\/wp\/v2\/types\/post"}],"author":[{"embeddable":true,"href":"http:\/\/shs-alfeld.de\/index.php?rest_route=\/wp\/v2\/users\/1"}],"replies":[{"embeddable":true,"href":"http:\/\/shs-alfeld.de\/index.php?rest_route=%2Fwp%2Fv2%2Fcomments&post=141"}],"version-history":[{"count":1,"href":"http:\/\/shs-alfeld.de\/index.php?rest_route=\/wp\/v2\/posts\/141\/revisions"}],"predecessor-version":[{"id":143,"href":"http:\/\/shs-alfeld.de\/index.php?rest_route=\/wp\/v2\/posts\/141\/revisions\/143"}],"wp:attachment":[{"href":"http:\/\/shs-alfeld.de\/index.php?rest_route=%2Fwp%2Fv2%2Fmedia&parent=141"}],"wp:term":[{"taxonomy":"category","embeddable":true,"href":"http:\/\/shs-alfeld.de\/index.php?rest_route=%2Fwp%2Fv2%2Fcategories&post=141"},{"taxonomy":"post_tag","embeddable":true,"href":"http:\/\/shs-alfeld.de\/index.php?rest_route=%2Fwp%2Fv2%2Ftags&post=141"}],"curies":[{"name":"wp","href":"https:\/\/api.w.org\/{rel}","templated":true}]}}