{"id":1358,"date":"2022-02-16T16:54:25","date_gmt":"2022-02-16T16:54:25","guid":{"rendered":"http:\/\/shs-alfeld.de\/?p=1358"},"modified":"2022-02-16T16:54:27","modified_gmt":"2022-02-16T16:54:27","slug":"schulausfall-am-17-2-2022","status":"publish","type":"post","link":"http:\/\/shs-alfeld.de\/?p=1358","title":{"rendered":"Schulausfall am 17.2.2022"},"content":{"rendered":"\n<p>Liebe Sch\u00fclerinnen, liebe Sch\u00fcler,<br>liebe Erziehungsberechtigte,<br>liebe Kolleginnen und Kollegen<br>aufgrund der Witterungsverh\u00e4ltnisse, die f\u00fcr morgen vorhergesagt werden, f\u00e4llt der Unterricht am Donnerstag, den 17.2.2022 an allen Schulen aus.<br>Bitte bleibt Zuhause, drau\u00dfen soll es einen richtigen Sturm geben.<br>Ich hoffe, dass sich Freitag alles wieder normalisiert hat und der Unterricht wie geplant stattfinden kann.<br>Mit freundlichen Gr\u00fc\u00dfen<br>Sabine Hartmann<br>(Schulleitung)<\/p>\n\n\n\n<p>Because of a severe storm, there will be no school on Thursday, 2022-02-17<\/p>\n","protected":false},"excerpt":{"rendered":"<p>Liebe Sch\u00fclerinnen, liebe Sch\u00fcler,liebe Erziehungsberechtigte,liebe Kolleginnen und Kollegenaufgrund der Witterungsverh\u00e4ltnisse, die f\u00fcr morgen vorhergesagt werden, f\u00e4llt der Unterricht am Donnerstag, den 17.2.2022 an allen Schulen aus.Bitte bleibt Zuhause, drau\u00dfen soll es einen richtigen Sturm geben.Ich hoffe, dass sich Freitag alles wieder normalisiert hat und der Unterricht wie geplant stattfinden kann.Mit freundlichen Gr\u00fc\u00dfenSabine Hartmann(Schulleitung) Because of &#8230; <a title=\"Schulausfall am 17.2.2022\" class=\"read-more\" href=\"http:\/\/shs-alfeld.de\/?p=1358\" aria-label=\"Mehr dazu unter Schulausfall am 17.2.2022\">Weiterlesen<\/a><\/p>\n","protected":false},"author":1,"featured_media":0,"comment_status":"closed","ping_status":"closed","sticky":false,"template":"","format":"standard","meta":[],"categories":[3],"tags":[130,129,97],"_links":{"self":[{"href":"http:\/\/shs-alfeld.de\/index.php?rest_route=\/wp\/v2\/posts\/1358"}],"collection":[{"href":"http:\/\/shs-alfeld.de\/index.php?rest_route=\/wp\/v2\/posts"}],"about":[{"href":"http:\/\/shs-alfeld.de\/index.php?rest_route=\/wp\/v2\/types\/post"}],"author":[{"embeddable":true,"href":"http:\/\/shs-alfeld.de\/index.php?rest_route=\/wp\/v2\/users\/1"}],"replies":[{"embeddable":true,"href":"http:\/\/shs-alfeld.de\/index.php?rest_route=%2Fwp%2Fv2%2Fcomments&post=1358"}],"version-history":[{"count":1,"href":"http:\/\/shs-alfeld.de\/index.php?rest_route=\/wp\/v2\/posts\/1358\/revisions"}],"predecessor-version":[{"id":1359,"href":"http:\/\/shs-alfeld.de\/index.php?rest_route=\/wp\/v2\/posts\/1358\/revisions\/1359"}],"wp:attachment":[{"href":"http:\/\/shs-alfeld.de\/index.php?rest_route=%2Fwp%2Fv2%2Fmedia&parent=1358"}],"wp:term":[{"taxonomy":"category","embeddable":true,"href":"http:\/\/shs-alfeld.de\/index.php?rest_route=%2Fwp%2Fv2%2Fcategories&post=1358"},{"taxonomy":"post_tag","embeddable":true,"href":"http:\/\/shs-alfeld.de\/index.php?rest_route=%2Fwp%2Fv2%2Ftags&post=1358"}],"curies":[{"name":"wp","href":"https:\/\/api.w.org\/{rel}","templated":true}]}}