{"id":1349,"date":"2021-11-03T09:40:30","date_gmt":"2021-11-03T09:40:30","guid":{"rendered":"http:\/\/shs-alfeld.de\/?p=1349"},"modified":"2021-11-03T09:40:31","modified_gmt":"2021-11-03T09:40:31","slug":"radschulwegplanung","status":"publish","type":"post","link":"http:\/\/shs-alfeld.de\/?p=1349","title":{"rendered":"Radschulwegplanung"},"content":{"rendered":"\n<p>Liebe Sch\u00fclerinnen, liebe Sch\u00fcler,<\/p>\n\n\n\n<p>Hiermit laden wir alle Sch\u00fclerinnen und Sch\u00fcler ein, an einer Befragung zur Situation mit dem Fahrrad auf den Schulwegen teilzunehmen.<br><br>Diese Befragung f\u00fchren wir in Zusammenarbeit mit dem Landkreis Hildesheim und anderen Schulen im Landkreis durch, da wir m\u00f6chten, dass ihr m\u00f6glichst sicher zu uns in die Schule kommt.<br><br>Damit wir euch Hinweise geben k\u00f6nnen, wie ihr richtig mit Gefahrenstellen und schwierigen Situationen umgehen k\u00f6nnt und damit wir uns f\u00fcr \u00c4nderungen auf den Stra\u00dfen einsetzen k\u00f6nnen, ist es notwendig zu wissen, wo es auf eurem Schulweg Probleme gibt. Hierf\u00fcr ben\u00f6tigen wir deine Mitarbeit, weil du deinen Schulweg am besten kennst!<br><br>Deine Teilnahme an der Befragung ist selbstverst\u00e4ndlich freiwillig. Der Fragebogen wird von dir anonym ausgef\u00fcllt und durch das Ingenieurb\u00fcro SHP aus Hannover ausgewertet. Daten werden nur f\u00fcr den Zeitraum der Befragung und der Auswertung abgespeichert und abschlie\u00dfend gel\u00f6scht.<br>F\u00fcr deine Unterst\u00fctzung m\u00f6chten wir uns bereits an dieser Stelle herzlich bedanken.<br><br>Sabine Hartmann<\/p>\n\n\n\n<figure class=\"wp-block-image size-large\"><img decoding=\"async\" loading=\"lazy\" width=\"722\" height=\"1024\" src=\"http:\/\/shs-alfeld.de\/wp-content\/uploads\/2021\/11\/Flyer-Radschulwegplanung-Landkreis-Hildesheim_blau-722x1024.png\" alt=\"\" class=\"wp-image-1350\" srcset=\"http:\/\/shs-alfeld.de\/wp-content\/uploads\/2021\/11\/Flyer-Radschulwegplanung-Landkreis-Hildesheim_blau-722x1024.png 722w, http:\/\/shs-alfeld.de\/wp-content\/uploads\/2021\/11\/Flyer-Radschulwegplanung-Landkreis-Hildesheim_blau-211x300.png 211w, http:\/\/shs-alfeld.de\/wp-content\/uploads\/2021\/11\/Flyer-Radschulwegplanung-Landkreis-Hildesheim_blau-768x1090.png 768w, http:\/\/shs-alfeld.de\/wp-content\/uploads\/2021\/11\/Flyer-Radschulwegplanung-Landkreis-Hildesheim_blau.png 874w\" sizes=\"(max-width: 722px) 100vw, 722px\" \/><\/figure>\n\n\n\n<p>(Schulleitung)<\/p>\n\n\n\n<p>Du kannst diesen Link verwenden: <a href=\"https:\/\/www.jetzt-mitmachen.de\/hildesheim\/\" target=\"_blank\" rel=\"noreferrer noopener\">https:\/\/www.jetzt-mitmachen.de\/hildesheim\/<\/a><\/p>\n","protected":false},"excerpt":{"rendered":"<p>Liebe Sch\u00fclerinnen, liebe Sch\u00fcler, Hiermit laden wir alle Sch\u00fclerinnen und Sch\u00fcler ein, an einer Befragung zur Situation mit dem Fahrrad auf den Schulwegen teilzunehmen. Diese Befragung f\u00fchren wir in Zusammenarbeit mit dem Landkreis Hildesheim und anderen Schulen im Landkreis durch, da wir m\u00f6chten, dass ihr m\u00f6glichst sicher zu uns in die Schule kommt. Damit wir &#8230; <a title=\"Radschulwegplanung\" class=\"read-more\" href=\"http:\/\/shs-alfeld.de\/?p=1349\" aria-label=\"Mehr dazu unter Radschulwegplanung\">Weiterlesen<\/a><\/p>\n","protected":false},"author":1,"featured_media":0,"comment_status":"closed","ping_status":"closed","sticky":false,"template":"","format":"standard","meta":[],"categories":[2],"tags":[122,123,121,118,38,119,120],"_links":{"self":[{"href":"http:\/\/shs-alfeld.de\/index.php?rest_route=\/wp\/v2\/posts\/1349"}],"collection":[{"href":"http:\/\/shs-alfeld.de\/index.php?rest_route=\/wp\/v2\/posts"}],"about":[{"href":"http:\/\/shs-alfeld.de\/index.php?rest_route=\/wp\/v2\/types\/post"}],"author":[{"embeddable":true,"href":"http:\/\/shs-alfeld.de\/index.php?rest_route=\/wp\/v2\/users\/1"}],"replies":[{"embeddable":true,"href":"http:\/\/shs-alfeld.de\/index.php?rest_route=%2Fwp%2Fv2%2Fcomments&post=1349"}],"version-history":[{"count":1,"href":"http:\/\/shs-alfeld.de\/index.php?rest_route=\/wp\/v2\/posts\/1349\/revisions"}],"predecessor-version":[{"id":1351,"href":"http:\/\/shs-alfeld.de\/index.php?rest_route=\/wp\/v2\/posts\/1349\/revisions\/1351"}],"wp:attachment":[{"href":"http:\/\/shs-alfeld.de\/index.php?rest_route=%2Fwp%2Fv2%2Fmedia&parent=1349"}],"wp:term":[{"taxonomy":"category","embeddable":true,"href":"http:\/\/shs-alfeld.de\/index.php?rest_route=%2Fwp%2Fv2%2Fcategories&post=1349"},{"taxonomy":"post_tag","embeddable":true,"href":"http:\/\/shs-alfeld.de\/index.php?rest_route=%2Fwp%2Fv2%2Ftags&post=1349"}],"curies":[{"name":"wp","href":"https:\/\/api.w.org\/{rel}","templated":true}]}}