{"id":1188,"date":"2019-12-06T11:31:51","date_gmt":"2019-12-06T11:31:51","guid":{"rendered":"http:\/\/shs-alfeld.de\/?p=1188"},"modified":"2019-12-06T11:32:37","modified_gmt":"2019-12-06T11:32:37","slug":"theater-der-nacht-in-der-schule","status":"publish","type":"post","link":"http:\/\/shs-alfeld.de\/?p=1188","title":{"rendered":"Theater der Nacht in der Schule"},"content":{"rendered":"\n<p>Mit &#8222;Zwerg Nase&#8220; im Gep\u00e4ck baute das Theater der Nacht im Forum der Habermalz-Schule eine M\u00e4rchentheaterb\u00fchne auf. Die Sch\u00fclerinnen und Sch\u00fcler der Jahrg\u00e4nge 5 &#8211; 8 folgten den Abenteuern von Jakob und der Gans Mimi mit gro\u00dfem Vergn\u00fcgen.<\/p>\n\n\n\n<figure class=\"wp-block-image\"><img decoding=\"async\" loading=\"lazy\" width=\"576\" height=\"1024\" src=\"http:\/\/shs-alfeld.de\/wp-content\/uploads\/2019\/12\/IMG_20191030_094535-e1575631784205-576x1024.jpg\" alt=\"\" class=\"wp-image-1189\" srcset=\"http:\/\/shs-alfeld.de\/wp-content\/uploads\/2019\/12\/IMG_20191030_094535-e1575631784205-576x1024.jpg 576w, http:\/\/shs-alfeld.de\/wp-content\/uploads\/2019\/12\/IMG_20191030_094535-e1575631784205-169x300.jpg 169w, http:\/\/shs-alfeld.de\/wp-content\/uploads\/2019\/12\/IMG_20191030_094535-e1575631784205-768x1365.jpg 768w\" sizes=\"(max-width: 576px) 100vw, 576px\" \/><\/figure>\n","protected":false},"excerpt":{"rendered":"<p>Mit &#8222;Zwerg Nase&#8220; im Gep\u00e4ck baute das Theater der Nacht im Forum der Habermalz-Schule eine M\u00e4rchentheaterb\u00fchne auf. Die Sch\u00fclerinnen und Sch\u00fcler der Jahrg\u00e4nge 5 &#8211; 8 folgten den Abenteuern von Jakob und der Gans Mimi mit gro\u00dfem Vergn\u00fcgen.<\/p>\n","protected":false},"author":1,"featured_media":0,"comment_status":"closed","ping_status":"closed","sticky":false,"template":"","format":"standard","meta":[],"categories":[13],"tags":[47,45,44,46],"_links":{"self":[{"href":"http:\/\/shs-alfeld.de\/index.php?rest_route=\/wp\/v2\/posts\/1188"}],"collection":[{"href":"http:\/\/shs-alfeld.de\/index.php?rest_route=\/wp\/v2\/posts"}],"about":[{"href":"http:\/\/shs-alfeld.de\/index.php?rest_route=\/wp\/v2\/types\/post"}],"author":[{"embeddable":true,"href":"http:\/\/shs-alfeld.de\/index.php?rest_route=\/wp\/v2\/users\/1"}],"replies":[{"embeddable":true,"href":"http:\/\/shs-alfeld.de\/index.php?rest_route=%2Fwp%2Fv2%2Fcomments&post=1188"}],"version-history":[{"count":1,"href":"http:\/\/shs-alfeld.de\/index.php?rest_route=\/wp\/v2\/posts\/1188\/revisions"}],"predecessor-version":[{"id":1190,"href":"http:\/\/shs-alfeld.de\/index.php?rest_route=\/wp\/v2\/posts\/1188\/revisions\/1190"}],"wp:attachment":[{"href":"http:\/\/shs-alfeld.de\/index.php?rest_route=%2Fwp%2Fv2%2Fmedia&parent=1188"}],"wp:term":[{"taxonomy":"category","embeddable":true,"href":"http:\/\/shs-alfeld.de\/index.php?rest_route=%2Fwp%2Fv2%2Fcategories&post=1188"},{"taxonomy":"post_tag","embeddable":true,"href":"http:\/\/shs-alfeld.de\/index.php?rest_route=%2Fwp%2Fv2%2Ftags&post=1188"}],"curies":[{"name":"wp","href":"https:\/\/api.w.org\/{rel}","templated":true}]}}