{"id":1170,"date":"2019-06-04T08:47:01","date_gmt":"2019-06-04T08:47:01","guid":{"rendered":"http:\/\/shs-alfeld.de\/?p=1170"},"modified":"2019-07-04T07:23:33","modified_gmt":"2019-07-04T07:23:33","slug":"autorin-karen-susan-fessel-begeistert-in-alfeld","status":"publish","type":"post","link":"http:\/\/shs-alfeld.de\/?p=1170","title":{"rendered":"Autorin Karen-Susan Fessel begeistert in Alfeld"},"content":{"rendered":"<p>Im Rahmen der 37. Hildesheimer Jugendbuchwoche war die Schriftstellerin Karen-Susan Fessel am Donnerstag zu Gast an der Schulrat-Habermalz-Schule. In mehreren Lesungen erfuhren die Sch\u00fclerinnen und Sch\u00fcler der Jahrg\u00e4nge 5 &#8211; 8 zun\u00e4chst viel \u00fcber das B\u00fccherschreiben und das Leben der Autorin. Sie erkl\u00e4rte den Jugendlichen, dass man nicht der Beste in Rechtschreibung sein m\u00fcsse, um B\u00fccher zu schreiben. Denn daf\u00fcr gibt es Lektoren. Den Buchtitel bestimmt nicht der Autor, sondern der Verlag und das Cover entwirft ein Mediendesigner. Au\u00dferdem zeigte sie eine japanische Ausgabe ihres Buches und erz\u00e4hlte, in Taiwan geh\u00f6ren zwei ihrer B\u00fccher zur Pflichtlekt\u00fcre f\u00fcr alle Sch\u00fclerinnen und Sch\u00fcler.<\/p>\n<p>Anschlie\u00dfend las die Erfinderin des Buchhelden Manfred aus ihrem Buch \u201eUnd wenn schon\u201c vor. Auch einem Auszug aus \u201eEin Stern namens Mama\u201c h\u00f6rten die Jugendlichen gespannt zu. Dann stellte Frau Fessel weitere B\u00fccher vor: \u201eHip-Hop, Hund und Herzgeh\u00fcpfe\u201c sowie \u201eLiebe macht Anders\u201c<\/p>\n<p>Nach dem die Sch\u00fclerinnen und Sch\u00fcler ihre Fragen zur Entstehung der Geschichten und zum Beruf einer Autorin stellen konnten, signierte Frau Fessel noch jede Menge Autogrammkarten mit pers\u00f6nlicher Widmung.<\/p>\n<p>Ihre gro\u00dfe Begeisterung f\u00fcr Frau Fessels Lesung und ihre Werke hielten einige Sch\u00fcler in Briefen an die Autorin fest, die sich nun auf dem Weg in ihre Heimatstadt Berlin befinden.<a href=\"http:\/\/shs-alfeld.de\/wp-content\/uploads\/2019\/06\/IMG-6995.jpg\"><img decoding=\"async\" loading=\"lazy\" class=\"alignright size-medium wp-image-1171\" src=\"http:\/\/shs-alfeld.de\/wp-content\/uploads\/2019\/06\/IMG-6995-300x225.jpg\" alt=\"\" width=\"300\" height=\"225\" srcset=\"http:\/\/shs-alfeld.de\/wp-content\/uploads\/2019\/06\/IMG-6995-300x225.jpg 300w, http:\/\/shs-alfeld.de\/wp-content\/uploads\/2019\/06\/IMG-6995-768x576.jpg 768w, http:\/\/shs-alfeld.de\/wp-content\/uploads\/2019\/06\/IMG-6995-1024x768.jpg 1024w\" sizes=\"(max-width: 300px) 100vw, 300px\" \/><\/a> <a href=\"http:\/\/shs-alfeld.de\/wp-content\/uploads\/2019\/06\/IMG-6999.jpg\"><img decoding=\"async\" loading=\"lazy\" class=\"alignright size-medium wp-image-1172\" src=\"http:\/\/shs-alfeld.de\/wp-content\/uploads\/2019\/06\/IMG-6999-225x300.jpg\" alt=\"\" width=\"225\" height=\"300\" srcset=\"http:\/\/shs-alfeld.de\/wp-content\/uploads\/2019\/06\/IMG-6999-225x300.jpg 225w, http:\/\/shs-alfeld.de\/wp-content\/uploads\/2019\/06\/IMG-6999-768x1024.jpg 768w\" sizes=\"(max-width: 225px) 100vw, 225px\" \/><\/a><\/p>\n","protected":false},"excerpt":{"rendered":"<p>Im Rahmen der 37. Hildesheimer Jugendbuchwoche war die Schriftstellerin Karen-Susan Fessel am Donnerstag zu Gast an der Schulrat-Habermalz-Schule. In mehreren Lesungen erfuhren die Sch\u00fclerinnen und Sch\u00fcler der Jahrg\u00e4nge 5 &#8211; 8 zun\u00e4chst viel \u00fcber das B\u00fccherschreiben und das Leben der Autorin. Sie erkl\u00e4rte den Jugendlichen, dass man nicht der Beste in Rechtschreibung sein m\u00fcsse, um &#8230; <a title=\"Autorin Karen-Susan Fessel begeistert in Alfeld\" class=\"read-more\" href=\"http:\/\/shs-alfeld.de\/?p=1170\" aria-label=\"Mehr dazu unter Autorin Karen-Susan Fessel begeistert in Alfeld\">Weiterlesen<\/a><\/p>\n","protected":false},"author":1,"featured_media":0,"comment_status":"closed","ping_status":"closed","sticky":false,"template":"","format":"standard","meta":[],"categories":[5],"tags":[],"_links":{"self":[{"href":"http:\/\/shs-alfeld.de\/index.php?rest_route=\/wp\/v2\/posts\/1170"}],"collection":[{"href":"http:\/\/shs-alfeld.de\/index.php?rest_route=\/wp\/v2\/posts"}],"about":[{"href":"http:\/\/shs-alfeld.de\/index.php?rest_route=\/wp\/v2\/types\/post"}],"author":[{"embeddable":true,"href":"http:\/\/shs-alfeld.de\/index.php?rest_route=\/wp\/v2\/users\/1"}],"replies":[{"embeddable":true,"href":"http:\/\/shs-alfeld.de\/index.php?rest_route=%2Fwp%2Fv2%2Fcomments&post=1170"}],"version-history":[{"count":2,"href":"http:\/\/shs-alfeld.de\/index.php?rest_route=\/wp\/v2\/posts\/1170\/revisions"}],"predecessor-version":[{"id":1181,"href":"http:\/\/shs-alfeld.de\/index.php?rest_route=\/wp\/v2\/posts\/1170\/revisions\/1181"}],"wp:attachment":[{"href":"http:\/\/shs-alfeld.de\/index.php?rest_route=%2Fwp%2Fv2%2Fmedia&parent=1170"}],"wp:term":[{"taxonomy":"category","embeddable":true,"href":"http:\/\/shs-alfeld.de\/index.php?rest_route=%2Fwp%2Fv2%2Fcategories&post=1170"},{"taxonomy":"post_tag","embeddable":true,"href":"http:\/\/shs-alfeld.de\/index.php?rest_route=%2Fwp%2Fv2%2Ftags&post=1170"}],"curies":[{"name":"wp","href":"https:\/\/api.w.org\/{rel}","templated":true}]}}